{"id":13963,"date":"2026-02-27T15:13:39","date_gmt":"2026-02-27T14:13:39","guid":{"rendered":"https:\/\/www.neshergallery.com\/?p=13963"},"modified":"2026-02-27T15:20:55","modified_gmt":"2026-02-27T14:20:55","slug":"dialogo-artistico-entre-la-monja-fotografa-isaura-marcos-y-el-escultor-guido-dettoni-della-grazia","status":"publish","type":"post","link":"https:\/\/www.neshergallery.com\/it\/dialogo-artistico-entre-la-monja-fotografa-isaura-marcos-y-el-escultor-guido-dettoni-della-grazia\/","title":{"rendered":"Di\u00e1logo art\u00edstico entre la monja fot\u00f3grafa Isaura Marcos y el escultor Guido Dettoni della Grazia"},"content":{"rendered":"\r\n<div class=\"wp-block-spacer\" style=\"height: 20px;\" aria-hidden=\"true\">\u00a0<\/div>\r\n\r\n\r\n\r\n<div class=\"wp-block-image\">\r\n<figure class=\"alignright size-large\">\r\n<p><img fetchpriority=\"high\" decoding=\"async\" class=\"alignnone wp-image-13968 size-large\" src=\"https:\/\/www.neshergallery.com\/wp-content\/uploads\/2026\/02\/lavanguardia-2026-02-21-1024x958.jpg\" alt=\"\" width=\"1024\" height=\"958\" srcset=\"https:\/\/www.neshergallery.com\/wp-content\/uploads\/2026\/02\/lavanguardia-2026-02-21-1024x958.jpg 1024w, https:\/\/www.neshergallery.com\/wp-content\/uploads\/2026\/02\/lavanguardia-2026-02-21-300x281.jpg 300w, https:\/\/www.neshergallery.com\/wp-content\/uploads\/2026\/02\/lavanguardia-2026-02-21-768x718.jpg 768w, https:\/\/www.neshergallery.com\/wp-content\/uploads\/2026\/02\/lavanguardia-2026-02-21-600x561.jpg 600w, https:\/\/www.neshergallery.com\/wp-content\/uploads\/2026\/02\/lavanguardia-2026-02-21.jpg 1280w\" sizes=\"(max-width: 1024px) 100vw, 1024px\" \/><\/p>\r\n<\/figure>\r\n<\/div>\r\n\r\n\r\n\r\n<p>MEDIA: <br \/><a href=\"https:\/\/www.lavanguardia.com\/participacion\/las-fotos-de-los-lectores\/20260221\/11470312\/dialogo-artistico-monja-fotografa-isaura-marcos-escultor-guido-dettoni-della-grazia.html\" target=\"_blank\" rel=\"noopener\"><strong>La Vanguardia<\/strong><\/a><\/p>\r\n\r\n\r\n\r\n\r\n\r\n<p>DATE: <br \/><strong>21.02.2026\u00a0<\/strong><\/p>\r\n\r\n\r\n\r\n<p>TITLE:<br \/>&#8220;<strong>Di\u00e1logo art\u00edstico entre la monja fot\u00f3grafa Isaura Marcos y el escultor Guido Dettoni della Grazia<\/strong>&#8220;<\/p>\r\n<p>By:<br \/><strong><a href=\"https:\/\/www.lavanguardia.com\/autores\/toni-ayala.html\" data-gtm-element=\"container-child-link\">Toni Ayala (text)<\/a><\/strong><br \/><strong><a href=\"https:\/\/www.lavanguardia.com\/autores\/isaura-marcos.html\" data-gtm-element=\"container-child-link\">Isaura Marcos (photo)<\/a><\/strong><\/p>\r\n<div class=\"author-name\">\r\n<p>&nbsp;<\/p>\r\n<\/div>\r\n<p><em>Translation:<\/em><\/p>\r\n<p>A little over a year ago, photographer and nun Isaura Marcos had to leave the monastery of Pedralbes, where there are no longer any Poor Clares, to begin a new stage in her life at the convent of the Fraternitat de Santa Clara in Vilob\u00ed d&#8217;Onyar.<\/p>\r\n<p>On her journey from Barcelona to Girona, the religious photographer has undergone a transformation in her style, characterized by the technique of natural reflections without the use of filters or editing programs, towards a more abstract vision of photography. It is in this new field that she has once again come together with Italian artist Guido Dettoni della Grazia, whom she welcomed to Pedralbes nine years ago.<\/p>\r\n<p>\u201cWe met in person at the monastery, and in 2017 he was kind enough to give me a video he made with my photos,\u201d explains Isaura Marcos. The artist&#8217;s intention with that work was \u201cto open the doors of the church of Santa Mar\u00eda de Pedralbes further by bringing what is outside inside,\u201d he said.<\/p>\r\n<p>Guido Dettoni della Grazia explained that Sister Isaura&#8217;s \u201ccloister\u201d is \u201camong the cloisters, skies, and trees of the monastery\u201d and her images \u201creveal to us what is in her environment, as if they were reflections and fragments of her mystical vision, often revealing another way of approaching the reality we perceive.\u201d<\/p>\r\n<p>So much so that the sculptor admitted to being \u201cfascinated\u201d by Isaura Marcos&#8217; photographs, surprised, moreover, to learn that \u201call of them had been taken with a simple camera.\u201d<\/p>\r\n<p>So much so that the sculptor admitted to being \u201cfascinated\u201d by Isaura Marcos&#8217; photographs, surprised, moreover, to learn that \u201call of them had been taken with a simple compact camera without undergoing any subsequent computer editing.\u201d \u201cThey were the result of reflections on surfaces, such as water or glass, and were often the result of the distance between the camera and the subject being photographed, as if the mind were going to penetrate it in order to ingest and metabolize it,\u201d he said.<\/p>\r\n<blockquote>\r\n<p>All of Isaura Marcos&#8217; photographs had been taken with a simple compact camera without any subsequent editing.<\/p>\r\n<h6>Guido Dettoni della Grazia<br \/>Italian visual artist and sculptor of sacred works<\/h6>\r\n<\/blockquote>\r\n<p>If at that time the Italian artist wanted to delve deeper into the art of the nun photographer through that video, which we can see reproduced in this article, now it is the nun who has wanted to reinterpret photographically one of the Milanese artist&#8217;s most praised works: his artistic version of the Virgin Mary.<\/p>\r\n<p>Thus, almost a decade later, it is now Isaura Marcos who has sought to explore (and reinterpret) the work of Guido Dettoni della Grazia, a visual artist and sculptor of sacred works who is very popular among pilgrims and private collectors, and best known for two series of sculptures: TAU and MAR\u00cdA.<\/p>\r\n<p><strong>The representation of TAU<\/strong><br \/>At the end of 2004, Guido Dettoni della Grazia felt the need to \u201cgive body to the sign of TAU, freeing it from its aesthetic condition as a letter of the alphabet to discover in it the corporeality of Christ in a moment of elevation, almost of flight.\u201d<\/p>\r\n<p>Thaw is the last letter of the Hebrew alphabet; Tau (T) is also the nineteenth letter of the Greek alphabet. The TAU is a symbol of salvation. In Ezekiel&#8217;s vision (Ezekiel 9:4), it is the sign marked on the foreheads of those who will be saved. During his secular life, St. Francis was linked to the religious community of St. Anthony the Abbot. The TAU cross became the symbol of St. Anthony, but its symbolism took on an even deeper meaning for St. Francis because of its symbolic and spiritual significance.<\/p>\r\n<p>The artist explains that, in his studio in Assisi, he discovered his TAU \u201cby modeling wax in his hands, oscillating between sight and blindness to let the body emerge in reality.\u201d He then reproduced it in wood at its original height of 17 cm and, in 2005, enlarged it to two meters, sculpting it in linden wood to exhibit it on April 30 of that same year in the Upper Basilica of St. Francis of Assisi.<\/p>\r\n<p>Isaura Marcos, who also exhibited her work in Assisi in 2024, has explored the TAU symbol photographically on several occasions, such as in 2021, when she combined the TAU cross and the violet color of the poppy in a single image to symbolize the history of the relationship between the Church and the monarchy at the Monastery of Pedralbes.<\/p>\r\n<p><strong>The representation of the Virgin Mary<\/strong><br \/>Since her new artistic evolution, more towards abstraction, at the convent of Vilob\u00ed d&#8217;Onyar, the nun and photographer Isaura Marcos has now, almost a decade after meeting Guido Dettoni della Grazia in Pedralbes, sought to reinterpret MARIA, a famous statue modeled by the Italian artist. The original sculpture is made to measure for the hands, but it is reproduced in different materials, either reduced or enlarged in size, in unlimited copies or in special editions.<\/p>\r\n<p>MAR\u00cdA is a multifaceted icon representing Mary, the mother of Jesus in the Gospel, but also evoking Maryam from Sura 19 of the Koran, Shakti from Hinduism, Kuan-yin from Chinese tradition, and the image of femininity in many cultures around the world.<\/p>\r\n<p>MAR\u00cdA is a multifaceted icon representing the mother of Jesus, but also evoking Maryam from the Quran, Shakti from Hinduism, Kuan-yin from Chinese tradition, and the image of femininity.<br \/>Since 1998, the MAR\u00cdA sculpture has been installed in cathedrals, churches, universities, and art centers throughout Europe and Asia. Guido Dettoni has been present in Assisi since 2000 with his exhibition MARIA. Isaura Marcos has also shown her photographic work in this Italian town, which she has also captured in books.<\/p>\r\n<p class=\"paragraph\" data-gtm-element-container=\"modulo-texto-link\" data-mrf-recirculation=\"Enlaces en p\u00e1rrafos\">En la obra de Isaura Marcos es tambi\u00e9n recurrente su alusi\u00f3n a la feminidad. No en vano el monasterio de Pedralbes est\u00e1 ligado a las mujeres desde sus inicios. Esta idea subyace tambi\u00e9n en su tratamiento fotogr\u00e1fico abstracto de la\u00a0<i>MAR\u00cdA<\/i>\u00a0de\u00a0Guido Dettoni della Grazia.<\/p>\r\n<p class=\"paragraph\" data-gtm-element-container=\"modulo-texto-link\" data-mrf-recirculation=\"Enlaces en p\u00e1rrafos\">Y una vez m\u00e1s, la monja ha optado por la simplicidad para cerar su obra fotogr\u00e1fica. Y una vez m\u00e1s, tambi\u00e9n, ha recurrido a la observaci\u00f3n de su entorno y su cotidianidad para dar pie a su creatividad art\u00edstica. \u201cUna mancha de pintura me ha recordado a las esculturas de la virgen del artista Guido Dettoni della Grazia\u201d, explica Isaura Marcos.\u00a0<\/p>\r\n<p data-gtm-element-container=\"modulo-texto-link\" data-mrf-recirculation=\"Enlaces en p\u00e1rrafos\">Indeed, this is how Isaura Marcos has interpreted MAR\u00cdA. If almost ten years ago the Italian sculptor was \u201cfascinated\u201d and \u201csurprised\u201d by the photographs of the nun, what will he think now about this dialogue between his work and that of the Poor Clare nun?<\/p>\r\n<p>&nbsp;<\/p>\r\n<p>MORE INFO:<br \/><a href=\"https:\/\/maria.guidodettoni.com\/\" target=\"_blank\" rel=\"noopener\">https:\/\/maria.guidodettoni.com\/<\/a><br \/><a href=\"https:\/\/santamariadellerose.art\/\" target=\"_blank\" rel=\"noopener\">https:\/\/santamariadellerose.art\/<\/a><\/p>\r\n<p>&nbsp;<\/p>\r\n","protected":false},"excerpt":{"rendered":"<p>An artistic dialogue between photographer Nun Isaura Marcos and sculptor Guido Dettoni della Grazia was published in the Spanish newspaper La Vanguardia.<\/p>\n","protected":false},"author":13,"featured_media":13966,"comment_status":"open","ping_status":"closed","sticky":false,"template":"","format":"standard","meta":{"_acf_changed":false,"footnotes":""},"categories":[168],"tags":[],"class_list":["post-13963","post","type-post","status-publish","format-standard","has-post-thumbnail","hentry","category-press"],"acf":[],"yoast_head":"<!-- This site is optimized with the Yoast SEO plugin v26.1.1 - https:\/\/yoast.com\/wordpress\/plugins\/seo\/ -->\n<title>Di\u00e1logo art\u00edstico entre la monja fot\u00f3grafa Isaura Marcos y el escultor Guido Dettoni della Grazia &#8226; NESHERGALLERY<\/title>\n<meta name=\"description\" content=\"An artistic dialogue between photographer Nun Isaura Marcos and sculptor Guido Dettoni della Grazia was published in the Spanish newspaper La Vanguardia.\" \/>\n<meta name=\"robots\" content=\"index, follow, max-snippet:-1, max-image-preview:large, max-video-preview:-1\" \/>\n<link rel=\"canonical\" href=\"https:\/\/www.neshergallery.com\/it\/dialogo-artistico-entre-la-monja-fotografa-isaura-marcos-y-el-escultor-guido-dettoni-della-grazia\/\" \/>\n<meta property=\"og:locale\" content=\"it_IT\" \/>\n<meta property=\"og:type\" content=\"article\" \/>\n<meta property=\"og:title\" content=\"Di\u00e1logo art\u00edstico entre la monja fot\u00f3grafa Isaura Marcos y el escultor Guido Dettoni della Grazia &#8226; NESHERGALLERY\" \/>\n<meta property=\"og:description\" content=\"An artistic dialogue between photographer Nun Isaura Marcos and sculptor Guido Dettoni della Grazia was published in the Spanish newspaper La Vanguardia.\" \/>\n<meta property=\"og:url\" content=\"https:\/\/www.neshergallery.com\/it\/dialogo-artistico-entre-la-monja-fotografa-isaura-marcos-y-el-escultor-guido-dettoni-della-grazia\/\" \/>\n<meta property=\"og:site_name\" content=\"NESHERGALLERY\" \/>\n<meta property=\"article:publisher\" content=\"https:\/\/www.facebook.com\/mostramaria\" \/>\n<meta property=\"article:published_time\" content=\"2026-02-27T14:13:39+00:00\" \/>\n<meta property=\"article:modified_time\" content=\"2026-02-27T14:20:55+00:00\" \/>\n<meta property=\"og:image\" content=\"https:\/\/www.neshergallery.com\/wp-content\/uploads\/2026\/02\/lavanguardia-2026-02-21-pic.jpg\" \/>\n\t<meta property=\"og:image:width\" content=\"600\" \/>\n\t<meta property=\"og:image:height\" content=\"300\" \/>\n\t<meta property=\"og:image:type\" content=\"image\/jpeg\" \/>\n<meta name=\"author\" content=\"Admin\" \/>\n<meta name=\"twitter:card\" content=\"summary_large_image\" \/>\n<meta name=\"twitter:label1\" content=\"Scritto da\" \/>\n\t<meta name=\"twitter:data1\" content=\"Admin\" \/>\n\t<meta name=\"twitter:label2\" content=\"Tempo di lettura stimato\" \/>\n\t<meta name=\"twitter:data2\" content=\"6 minuti\" \/>\n<script type=\"application\/ld+json\" class=\"yoast-schema-graph\">{\"@context\":\"https:\/\/schema.org\",\"@graph\":[{\"@type\":\"Article\",\"@id\":\"https:\/\/www.neshergallery.com\/it\/dialogo-artistico-entre-la-monja-fotografa-isaura-marcos-y-el-escultor-guido-dettoni-della-grazia\/#article\",\"isPartOf\":{\"@id\":\"https:\/\/www.neshergallery.com\/it\/dialogo-artistico-entre-la-monja-fotografa-isaura-marcos-y-el-escultor-guido-dettoni-della-grazia\/\"},\"author\":{\"name\":\"Admin\",\"@id\":\"https:\/\/www.neshergallery.com\/it\/#\/schema\/person\/934a642ba697ed09490d2558d274cf10\"},\"headline\":\"Di\u00e1logo art\u00edstico entre la monja fot\u00f3grafa Isaura Marcos y el escultor Guido Dettoni della Grazia\",\"datePublished\":\"2026-02-27T14:13:39+00:00\",\"dateModified\":\"2026-02-27T14:20:55+00:00\",\"mainEntityOfPage\":{\"@id\":\"https:\/\/www.neshergallery.com\/it\/dialogo-artistico-entre-la-monja-fotografa-isaura-marcos-y-el-escultor-guido-dettoni-della-grazia\/\"},\"wordCount\":1172,\"commentCount\":0,\"publisher\":{\"@id\":\"https:\/\/www.neshergallery.com\/it\/#organization\"},\"image\":{\"@id\":\"https:\/\/www.neshergallery.com\/it\/dialogo-artistico-entre-la-monja-fotografa-isaura-marcos-y-el-escultor-guido-dettoni-della-grazia\/#primaryimage\"},\"thumbnailUrl\":\"https:\/\/www.neshergallery.com\/wp-content\/uploads\/2026\/02\/lavanguardia-2026-02-21-pic.jpg\",\"articleSection\":[\"Press\"],\"inLanguage\":\"it-IT\",\"potentialAction\":[{\"@type\":\"CommentAction\",\"name\":\"Comment\",\"target\":[\"https:\/\/www.neshergallery.com\/it\/dialogo-artistico-entre-la-monja-fotografa-isaura-marcos-y-el-escultor-guido-dettoni-della-grazia\/#respond\"]}]},{\"@type\":\"WebPage\",\"@id\":\"https:\/\/www.neshergallery.com\/it\/dialogo-artistico-entre-la-monja-fotografa-isaura-marcos-y-el-escultor-guido-dettoni-della-grazia\/\",\"url\":\"https:\/\/www.neshergallery.com\/it\/dialogo-artistico-entre-la-monja-fotografa-isaura-marcos-y-el-escultor-guido-dettoni-della-grazia\/\",\"name\":\"Di\u00e1logo art\u00edstico entre la monja fot\u00f3grafa Isaura Marcos y el escultor Guido Dettoni della Grazia &#8226; NESHERGALLERY\",\"isPartOf\":{\"@id\":\"https:\/\/www.neshergallery.com\/it\/#website\"},\"primaryImageOfPage\":{\"@id\":\"https:\/\/www.neshergallery.com\/it\/dialogo-artistico-entre-la-monja-fotografa-isaura-marcos-y-el-escultor-guido-dettoni-della-grazia\/#primaryimage\"},\"image\":{\"@id\":\"https:\/\/www.neshergallery.com\/it\/dialogo-artistico-entre-la-monja-fotografa-isaura-marcos-y-el-escultor-guido-dettoni-della-grazia\/#primaryimage\"},\"thumbnailUrl\":\"https:\/\/www.neshergallery.com\/wp-content\/uploads\/2026\/02\/lavanguardia-2026-02-21-pic.jpg\",\"datePublished\":\"2026-02-27T14:13:39+00:00\",\"dateModified\":\"2026-02-27T14:20:55+00:00\",\"description\":\"An artistic dialogue between photographer Nun Isaura Marcos and sculptor Guido Dettoni della Grazia was published in the Spanish newspaper La Vanguardia.\",\"breadcrumb\":{\"@id\":\"https:\/\/www.neshergallery.com\/it\/dialogo-artistico-entre-la-monja-fotografa-isaura-marcos-y-el-escultor-guido-dettoni-della-grazia\/#breadcrumb\"},\"inLanguage\":\"it-IT\",\"potentialAction\":[{\"@type\":\"ReadAction\",\"target\":[\"https:\/\/www.neshergallery.com\/it\/dialogo-artistico-entre-la-monja-fotografa-isaura-marcos-y-el-escultor-guido-dettoni-della-grazia\/\"]}]},{\"@type\":\"ImageObject\",\"inLanguage\":\"it-IT\",\"@id\":\"https:\/\/www.neshergallery.com\/it\/dialogo-artistico-entre-la-monja-fotografa-isaura-marcos-y-el-escultor-guido-dettoni-della-grazia\/#primaryimage\",\"url\":\"https:\/\/www.neshergallery.com\/wp-content\/uploads\/2026\/02\/lavanguardia-2026-02-21-pic.jpg\",\"contentUrl\":\"https:\/\/www.neshergallery.com\/wp-content\/uploads\/2026\/02\/lavanguardia-2026-02-21-pic.jpg\",\"width\":600,\"height\":300},{\"@type\":\"BreadcrumbList\",\"@id\":\"https:\/\/www.neshergallery.com\/it\/dialogo-artistico-entre-la-monja-fotografa-isaura-marcos-y-el-escultor-guido-dettoni-della-grazia\/#breadcrumb\",\"itemListElement\":[{\"@type\":\"ListItem\",\"position\":1,\"name\":\"HOME\",\"item\":\"https:\/\/www.neshergallery.com\/it\/\"},{\"@type\":\"ListItem\",\"position\":2,\"name\":\"Press\",\"item\":\"https:\/\/www.neshergallery.com\/blog\/press\/\"},{\"@type\":\"ListItem\",\"position\":3,\"name\":\"Di\u00e1logo art\u00edstico entre la monja fot\u00f3grafa Isaura Marcos y el escultor Guido Dettoni della Grazia\"}]},{\"@type\":\"WebSite\",\"@id\":\"https:\/\/www.neshergallery.com\/it\/#website\",\"url\":\"https:\/\/www.neshergallery.com\/it\/\",\"name\":\"NESHERGALLERY\",\"description\":\"Guido Dettoni\u2019s sacred art works\",\"publisher\":{\"@id\":\"https:\/\/www.neshergallery.com\/it\/#organization\"},\"potentialAction\":[{\"@type\":\"SearchAction\",\"target\":{\"@type\":\"EntryPoint\",\"urlTemplate\":\"https:\/\/www.neshergallery.com\/it\/?s={search_term_string}\"},\"query-input\":{\"@type\":\"PropertyValueSpecification\",\"valueRequired\":true,\"valueName\":\"search_term_string\"}}],\"inLanguage\":\"it-IT\"},{\"@type\":\"Organization\",\"@id\":\"https:\/\/www.neshergallery.com\/it\/#organization\",\"name\":\"SANTA MARIA DELLE ROSE'S SHOP\",\"alternateName\":\"iconic sculptures by Guido Dettoni della Grazia\",\"url\":\"https:\/\/www.neshergallery.com\/it\/\",\"logo\":{\"@type\":\"ImageObject\",\"inLanguage\":\"it-IT\",\"@id\":\"https:\/\/www.neshergallery.com\/it\/#\/schema\/logo\/image\/\",\"url\":\"https:\/\/www.neshergallery.com\/wp-content\/uploads\/2019\/10\/logo-masc-gd-shop-1.jpg\",\"contentUrl\":\"https:\/\/www.neshergallery.com\/wp-content\/uploads\/2019\/10\/logo-masc-gd-shop-1.jpg\",\"width\":1000,\"height\":172,\"caption\":\"SANTA MARIA DELLE ROSE'S SHOP\"},\"image\":{\"@id\":\"https:\/\/www.neshergallery.com\/it\/#\/schema\/logo\/image\/\"},\"sameAs\":[\"https:\/\/www.facebook.com\/mostramaria\",\"https:\/\/www.instagram.com\/mariaescultura\/\",\"https:\/\/www.youtube.com\/user\/nesherorg\"]},{\"@type\":\"Person\",\"@id\":\"https:\/\/www.neshergallery.com\/it\/#\/schema\/person\/934a642ba697ed09490d2558d274cf10\",\"name\":\"Admin\",\"image\":{\"@type\":\"ImageObject\",\"inLanguage\":\"it-IT\",\"@id\":\"https:\/\/www.neshergallery.com\/it\/#\/schema\/person\/image\/\",\"url\":\"https:\/\/secure.gravatar.com\/avatar\/f7ebe35ae057a74b29e5277f67f52d5c03876c0f063b91206b9f022cc53a8ea8?s=96&d=mm&r=g\",\"contentUrl\":\"https:\/\/secure.gravatar.com\/avatar\/f7ebe35ae057a74b29e5277f67f52d5c03876c0f063b91206b9f022cc53a8ea8?s=96&d=mm&r=g\",\"caption\":\"Admin\"},\"url\":\"https:\/\/www.neshergallery.com\/it\/author\/idalied\/\"}]}<\/script>\n<!-- \/ Yoast SEO plugin. -->","yoast_head_json":{"title":"Di\u00e1logo art\u00edstico entre la monja fot\u00f3grafa Isaura Marcos y el escultor Guido Dettoni della Grazia &#8226; NESHERGALLERY","description":"An artistic dialogue between photographer Nun Isaura Marcos and sculptor Guido Dettoni della Grazia was published in the Spanish newspaper La Vanguardia.","robots":{"index":"index","follow":"follow","max-snippet":"max-snippet:-1","max-image-preview":"max-image-preview:large","max-video-preview":"max-video-preview:-1"},"canonical":"https:\/\/www.neshergallery.com\/it\/dialogo-artistico-entre-la-monja-fotografa-isaura-marcos-y-el-escultor-guido-dettoni-della-grazia\/","og_locale":"it_IT","og_type":"article","og_title":"Di\u00e1logo art\u00edstico entre la monja fot\u00f3grafa Isaura Marcos y el escultor Guido Dettoni della Grazia &#8226; NESHERGALLERY","og_description":"An artistic dialogue between photographer Nun Isaura Marcos and sculptor Guido Dettoni della Grazia was published in the Spanish newspaper La Vanguardia.","og_url":"https:\/\/www.neshergallery.com\/it\/dialogo-artistico-entre-la-monja-fotografa-isaura-marcos-y-el-escultor-guido-dettoni-della-grazia\/","og_site_name":"NESHERGALLERY","article_publisher":"https:\/\/www.facebook.com\/mostramaria","article_published_time":"2026-02-27T14:13:39+00:00","article_modified_time":"2026-02-27T14:20:55+00:00","og_image":[{"width":600,"height":300,"url":"https:\/\/www.neshergallery.com\/wp-content\/uploads\/2026\/02\/lavanguardia-2026-02-21-pic.jpg","type":"image\/jpeg"}],"author":"Admin","twitter_card":"summary_large_image","twitter_misc":{"Scritto da":"Admin","Tempo di lettura stimato":"6 minuti"},"schema":{"@context":"https:\/\/schema.org","@graph":[{"@type":"Article","@id":"https:\/\/www.neshergallery.com\/it\/dialogo-artistico-entre-la-monja-fotografa-isaura-marcos-y-el-escultor-guido-dettoni-della-grazia\/#article","isPartOf":{"@id":"https:\/\/www.neshergallery.com\/it\/dialogo-artistico-entre-la-monja-fotografa-isaura-marcos-y-el-escultor-guido-dettoni-della-grazia\/"},"author":{"name":"Admin","@id":"https:\/\/www.neshergallery.com\/it\/#\/schema\/person\/934a642ba697ed09490d2558d274cf10"},"headline":"Di\u00e1logo art\u00edstico entre la monja fot\u00f3grafa Isaura Marcos y el escultor Guido Dettoni della Grazia","datePublished":"2026-02-27T14:13:39+00:00","dateModified":"2026-02-27T14:20:55+00:00","mainEntityOfPage":{"@id":"https:\/\/www.neshergallery.com\/it\/dialogo-artistico-entre-la-monja-fotografa-isaura-marcos-y-el-escultor-guido-dettoni-della-grazia\/"},"wordCount":1172,"commentCount":0,"publisher":{"@id":"https:\/\/www.neshergallery.com\/it\/#organization"},"image":{"@id":"https:\/\/www.neshergallery.com\/it\/dialogo-artistico-entre-la-monja-fotografa-isaura-marcos-y-el-escultor-guido-dettoni-della-grazia\/#primaryimage"},"thumbnailUrl":"https:\/\/www.neshergallery.com\/wp-content\/uploads\/2026\/02\/lavanguardia-2026-02-21-pic.jpg","articleSection":["Press"],"inLanguage":"it-IT","potentialAction":[{"@type":"CommentAction","name":"Comment","target":["https:\/\/www.neshergallery.com\/it\/dialogo-artistico-entre-la-monja-fotografa-isaura-marcos-y-el-escultor-guido-dettoni-della-grazia\/#respond"]}]},{"@type":"WebPage","@id":"https:\/\/www.neshergallery.com\/it\/dialogo-artistico-entre-la-monja-fotografa-isaura-marcos-y-el-escultor-guido-dettoni-della-grazia\/","url":"https:\/\/www.neshergallery.com\/it\/dialogo-artistico-entre-la-monja-fotografa-isaura-marcos-y-el-escultor-guido-dettoni-della-grazia\/","name":"Di\u00e1logo art\u00edstico entre la monja fot\u00f3grafa Isaura Marcos y el escultor Guido Dettoni della Grazia &#8226; NESHERGALLERY","isPartOf":{"@id":"https:\/\/www.neshergallery.com\/it\/#website"},"primaryImageOfPage":{"@id":"https:\/\/www.neshergallery.com\/it\/dialogo-artistico-entre-la-monja-fotografa-isaura-marcos-y-el-escultor-guido-dettoni-della-grazia\/#primaryimage"},"image":{"@id":"https:\/\/www.neshergallery.com\/it\/dialogo-artistico-entre-la-monja-fotografa-isaura-marcos-y-el-escultor-guido-dettoni-della-grazia\/#primaryimage"},"thumbnailUrl":"https:\/\/www.neshergallery.com\/wp-content\/uploads\/2026\/02\/lavanguardia-2026-02-21-pic.jpg","datePublished":"2026-02-27T14:13:39+00:00","dateModified":"2026-02-27T14:20:55+00:00","description":"An artistic dialogue between photographer Nun Isaura Marcos and sculptor Guido Dettoni della Grazia was published in the Spanish newspaper La Vanguardia.","breadcrumb":{"@id":"https:\/\/www.neshergallery.com\/it\/dialogo-artistico-entre-la-monja-fotografa-isaura-marcos-y-el-escultor-guido-dettoni-della-grazia\/#breadcrumb"},"inLanguage":"it-IT","potentialAction":[{"@type":"ReadAction","target":["https:\/\/www.neshergallery.com\/it\/dialogo-artistico-entre-la-monja-fotografa-isaura-marcos-y-el-escultor-guido-dettoni-della-grazia\/"]}]},{"@type":"ImageObject","inLanguage":"it-IT","@id":"https:\/\/www.neshergallery.com\/it\/dialogo-artistico-entre-la-monja-fotografa-isaura-marcos-y-el-escultor-guido-dettoni-della-grazia\/#primaryimage","url":"https:\/\/www.neshergallery.com\/wp-content\/uploads\/2026\/02\/lavanguardia-2026-02-21-pic.jpg","contentUrl":"https:\/\/www.neshergallery.com\/wp-content\/uploads\/2026\/02\/lavanguardia-2026-02-21-pic.jpg","width":600,"height":300},{"@type":"BreadcrumbList","@id":"https:\/\/www.neshergallery.com\/it\/dialogo-artistico-entre-la-monja-fotografa-isaura-marcos-y-el-escultor-guido-dettoni-della-grazia\/#breadcrumb","itemListElement":[{"@type":"ListItem","position":1,"name":"HOME","item":"https:\/\/www.neshergallery.com\/it\/"},{"@type":"ListItem","position":2,"name":"Press","item":"https:\/\/www.neshergallery.com\/blog\/press\/"},{"@type":"ListItem","position":3,"name":"Di\u00e1logo art\u00edstico entre la monja fot\u00f3grafa Isaura Marcos y el escultor Guido Dettoni della Grazia"}]},{"@type":"WebSite","@id":"https:\/\/www.neshergallery.com\/it\/#website","url":"https:\/\/www.neshergallery.com\/it\/","name":"NESHERGALLERY","description":"Guido Dettoni\u2019s sacred art works","publisher":{"@id":"https:\/\/www.neshergallery.com\/it\/#organization"},"potentialAction":[{"@type":"SearchAction","target":{"@type":"EntryPoint","urlTemplate":"https:\/\/www.neshergallery.com\/it\/?s={search_term_string}"},"query-input":{"@type":"PropertyValueSpecification","valueRequired":true,"valueName":"search_term_string"}}],"inLanguage":"it-IT"},{"@type":"Organization","@id":"https:\/\/www.neshergallery.com\/it\/#organization","name":"SANTA MARIA DELLE ROSE'S SHOP","alternateName":"iconic sculptures by Guido Dettoni della Grazia","url":"https:\/\/www.neshergallery.com\/it\/","logo":{"@type":"ImageObject","inLanguage":"it-IT","@id":"https:\/\/www.neshergallery.com\/it\/#\/schema\/logo\/image\/","url":"https:\/\/www.neshergallery.com\/wp-content\/uploads\/2019\/10\/logo-masc-gd-shop-1.jpg","contentUrl":"https:\/\/www.neshergallery.com\/wp-content\/uploads\/2019\/10\/logo-masc-gd-shop-1.jpg","width":1000,"height":172,"caption":"SANTA MARIA DELLE ROSE'S SHOP"},"image":{"@id":"https:\/\/www.neshergallery.com\/it\/#\/schema\/logo\/image\/"},"sameAs":["https:\/\/www.facebook.com\/mostramaria","https:\/\/www.instagram.com\/mariaescultura\/","https:\/\/www.youtube.com\/user\/nesherorg"]},{"@type":"Person","@id":"https:\/\/www.neshergallery.com\/it\/#\/schema\/person\/934a642ba697ed09490d2558d274cf10","name":"Admin","image":{"@type":"ImageObject","inLanguage":"it-IT","@id":"https:\/\/www.neshergallery.com\/it\/#\/schema\/person\/image\/","url":"https:\/\/secure.gravatar.com\/avatar\/f7ebe35ae057a74b29e5277f67f52d5c03876c0f063b91206b9f022cc53a8ea8?s=96&d=mm&r=g","contentUrl":"https:\/\/secure.gravatar.com\/avatar\/f7ebe35ae057a74b29e5277f67f52d5c03876c0f063b91206b9f022cc53a8ea8?s=96&d=mm&r=g","caption":"Admin"},"url":"https:\/\/www.neshergallery.com\/it\/author\/idalied\/"}]}},"_links":{"self":[{"href":"https:\/\/www.neshergallery.com\/it\/wp-json\/wp\/v2\/posts\/13963","targetHints":{"allow":["GET"]}}],"collection":[{"href":"https:\/\/www.neshergallery.com\/it\/wp-json\/wp\/v2\/posts"}],"about":[{"href":"https:\/\/www.neshergallery.com\/it\/wp-json\/wp\/v2\/types\/post"}],"author":[{"embeddable":true,"href":"https:\/\/www.neshergallery.com\/it\/wp-json\/wp\/v2\/users\/13"}],"replies":[{"embeddable":true,"href":"https:\/\/www.neshergallery.com\/it\/wp-json\/wp\/v2\/comments?post=13963"}],"version-history":[{"count":7,"href":"https:\/\/www.neshergallery.com\/it\/wp-json\/wp\/v2\/posts\/13963\/revisions"}],"predecessor-version":[{"id":13972,"href":"https:\/\/www.neshergallery.com\/it\/wp-json\/wp\/v2\/posts\/13963\/revisions\/13972"}],"wp:featuredmedia":[{"embeddable":true,"href":"https:\/\/www.neshergallery.com\/it\/wp-json\/wp\/v2\/media\/13966"}],"wp:attachment":[{"href":"https:\/\/www.neshergallery.com\/it\/wp-json\/wp\/v2\/media?parent=13963"}],"wp:term":[{"taxonomy":"category","embeddable":true,"href":"https:\/\/www.neshergallery.com\/it\/wp-json\/wp\/v2\/categories?post=13963"},{"taxonomy":"post_tag","embeddable":true,"href":"https:\/\/www.neshergallery.com\/it\/wp-json\/wp\/v2\/tags?post=13963"}],"curies":[{"name":"wp","href":"https:\/\/api.w.org\/{rel}","templated":true}]}}